{"id":277409,"date":"2020-09-13T09:36:18","date_gmt":"2020-09-13T07:36:18","guid":{"rendered":"https:\/\/gjestehuset102.straumpost.no\/?p=277409"},"modified":"2022-12-28T10:49:18","modified_gmt":"2022-12-28T09:49:18","slug":"det-vakre-nordlyset-pa-svalbard","status":"publish","type":"post","link":"http:\/\/gjestehuset102.no\/nb\/det-vakre-nordlyset-pa-svalbard\/","title":{"rendered":"Det vakre nordlyset p\u00e5 Svalbard"},"content":{"rendered":"<figure>\n\t\t\t\t\t\t\t\t\t\t<img decoding=\"async\" width=\"2500\" height=\"1669\" data-src=\"\/wp-content\/uploads\/2020\/09\/photo19.jpg\" alt=\"\" data-srcset=\"\/wp-content\/uploads\/2020\/09\/photo19.jpg 2500w, \/wp-content\/uploads\/2020\/09\/photo19-300x200.jpg 300w, \/wp-content\/uploads\/2020\/09\/photo19-768x513.jpg 768w, \/wp-content\/uploads\/2020\/09\/photo19-1030x688.jpg 1030w, \/wp-content\/uploads\/2020\/09\/photo19-1500x1001.jpg 1500w, \/wp-content\/uploads\/2020\/09\/photo19-705x471.jpg 705w, \/wp-content\/uploads\/2020\/09\/photo19-450x300.jpg 450w\" data-sizes=\"auto, (max-width: 2500px) 100vw, 2500px\" src=\"data:image\/svg+xml;base64,PHN2ZyB3aWR0aD0iMSIgaGVpZ2h0PSIxIiB4bWxucz0iaHR0cDovL3d3dy53My5vcmcvMjAwMC9zdmciPjwvc3ZnPg==\" class=\"lazyload\" style=\"--smush-placeholder-width: 2500px; --smush-placeholder-aspect-ratio: 2500\/1669;\"><figcaption>Foto: Polina Bublik<\/figcaption><\/figure>\n<h2>Det vakre nordlyset p\u00e5 Svalbard<\/h2>\n<p>&laquo;The north! the north! from out the north<br \/>\nWhat founts of light are breaking forth,<br \/>\nAnd streaming up these evening skies,<br \/>\nA glorious wonder to our eyes!&raquo;<\/p>\n<p>HANNAH FLAGG GOULD, &lt;&gt;<\/p>\n<p>\u00c5 se det vakre nordlyset er for det meste p\u00e5 alles bucket-lister til det er krysset av. Hvis ikke alle, har noen kanskje ikke f\u00e5tt med seg det enn\u00e5. Disse livlige lysgardinene kan sees p\u00e5 den nordlige halvkule p\u00e5 bestemte tidspunkter i l\u00f8pet av et \u00e5r.<\/p>\n<p>Nordlyssesongen p\u00e5 Svalbard starter i slutten av september. P\u00e5 dette tidspunktet pr\u00f8ver m\u00f8rket gradvis \u00e5 styre \u00f8ygruppen \u2013 litt etter litt, hver dag. I klare netter kommer disse magiske lysene. Himmelen viser en vakker vri \u2013 lys i farger gr\u00f8nt, rosa og lilla dominerer elegant de m\u00f8rke, arktiske himmelen. Alltid fascinerende i \u00f8ynene til alle.<\/p>\n<p>Dette fenomenet ser rent magisk ut, men det ligger vitenskap bak dette. S\u00e5, hva f\u00e5r dette fenomenet til \u00e5 dukke opp?<\/p>\n<h2>Hva for\u00e5rsaker nordlyset?<\/h2>\n<figure>\n\t\t\t\t\t\t\t\t\t\t<img decoding=\"async\" width=\"800\" height=\"533\" data-src=\"\/wp-content\/uploads\/2020\/09\/Bilde-7-Nikon-D500-002-1030x686.jpg\" alt=\"\" data-srcset=\"\/wp-content\/uploads\/2020\/09\/Bilde-7-Nikon-D500-002-1030x686.jpg 1030w, \/wp-content\/uploads\/2020\/09\/Bilde-7-Nikon-D500-002-300x200.jpg 300w, \/wp-content\/uploads\/2020\/09\/Bilde-7-Nikon-D500-002-768x512.jpg 768w, \/wp-content\/uploads\/2020\/09\/Bilde-7-Nikon-D500-002-1500x1000.jpg 1500w, \/wp-content\/uploads\/2020\/09\/Bilde-7-Nikon-D500-002-705x470.jpg 705w, \/wp-content\/uploads\/2020\/09\/Bilde-7-Nikon-D500-002-450x300.jpg 450w, \/wp-content\/uploads\/2020\/09\/Bilde-7-Nikon-D500-002.jpg 2048w\" data-sizes=\"auto, (max-width: 800px) 100vw, 800px\" src=\"data:image\/svg+xml;base64,PHN2ZyB3aWR0aD0iMSIgaGVpZ2h0PSIxIiB4bWxucz0iaHR0cDovL3d3dy53My5vcmcvMjAwMC9zdmciPjwvc3ZnPg==\" class=\"lazyload\" style=\"--smush-placeholder-width: 800px; --smush-placeholder-aspect-ratio: 800\/533;\"><figcaption>Foto: Eirik Lillehugo<\/figcaption><\/figure>\n<p>Nordlyset har inspirert, trollbundet og til og med skremt mennesker i \u00e5rhundrer. De tidligere sivilisasjonene ser p\u00e5 disse lysene som enten et d\u00e5rlig eller et godt varsel. Noen mente at det var et tegn p\u00e5 at en pest eller krig kommer. Noen mente at hvis et barn ble f\u00f8dt under lysene, ville barnet arve n\u00e5de, intelligens, formue og skj\u00f8nnhet. Noen sivilisasjoner mente ogs\u00e5 det motsatte.<\/p>\n<p>Hvorfor Aurora Borealis?<\/p>\n<p>Aurora Borealis ble oppkalt etter den romerske gudinnen for daggry, Aurora, og det greske navnet p\u00e5 ordet \u2018nordavind\u2019, Boreal. Aurora Australis er navnet p\u00e5 det samme fenomenet som forekommer p\u00e5 motsatt pol.<\/p>\n<p>Den som er ansvarlig for eksistensen av disse lysene, er det samme himmelelementet som er ansvarlig for livets eksistens og dets biologiske mangfold p\u00e5 jorden \u2013 solen. I l\u00f8pet av de tidlige, uskyldige \u00e5rene p\u00e5 barneskolen, s\u00e5 vi solen som bare en stor, gul mystisk ball plassert i midten av solsystemet med et smilefjes p\u00e5. Gjorde vi ikke det? Imidlertid er selvf\u00f8lgelig solen mye mer enn dette.<\/p>\n<p><img decoding=\"async\" width=\"800\" height=\"524\" data-src=\"\/wp-content\/uploads\/2020\/09\/SunEarth-1030x675.png\" alt=\"SunEarth\" data-srcset=\"\/wp-content\/uploads\/2020\/09\/SunEarth-1030x675.png 1030w, \/wp-content\/uploads\/2020\/09\/SunEarth-300x197.png 300w, \/wp-content\/uploads\/2020\/09\/SunEarth-768x504.png 768w, \/wp-content\/uploads\/2020\/09\/SunEarth-1500x984.png 1500w, \/wp-content\/uploads\/2020\/09\/SunEarth-705x462.png 705w, \/wp-content\/uploads\/2020\/09\/SunEarth-450x295.png 450w, \/wp-content\/uploads\/2020\/09\/SunEarth.png 1682w\" data-sizes=\"auto, (max-width: 800px) 100vw, 800px\" src=\"data:image\/svg+xml;base64,PHN2ZyB3aWR0aD0iMSIgaGVpZ2h0PSIxIiB4bWxucz0iaHR0cDovL3d3dy53My5vcmcvMjAwMC9zdmciPjwvc3ZnPg==\" class=\"lazyload\" style=\"--smush-placeholder-width: 800px; --smush-placeholder-aspect-ratio: 800\/524;\"><\/p>\n<p>Merkelige og voldelige ting skjer i solen hvert sekund av hver dag. Som for eksempel solen som frigj\u00f8r en str\u00f8m av ladede partikler fra sin \u00f8vre atmosf\u00e6re. \u00c5, lyden av vitenskap! Solen er ikke bare en kjedelig, gul ball med et smilefjes. Sorry kids!<\/p>\n<p>Denne str\u00f8mmen av partikler, hovedsakelig best\u00e5ende av elektroner, protoner og alfapartikler, kalles solvinden og skyves mot jorden. Men dette slutter ikke her. Solvinden produserer ikke nordlys f\u00f8r den kolliderer med gasspartiklene i jordens atmosf\u00e6re. For \u00e5 oppsummere skyldes nordlyset kollisjonen mellom solvinden og jordens gasser i atmosf\u00e6ren. Yey!<\/p>\n<p>Som vi har lagt merke til, er det forskjellige fargevariasjoner av Aurora. Det er ogs\u00e5 vitenskap i dette. Lysets farge avhenger av hvilken type gass de ladede partiklene kolliderer med. Gul og gr\u00f8nn produseres n\u00e5r partiklene kolliderer med oksygen. R\u00f8de, fiolette og bl\u00e5 farger produseres n\u00e5r de kolliderer med nitrogen.<\/p>\n<p>H\u00f8yde er ogs\u00e5 en faktor for fargene. R\u00f8d er i sin h\u00f8yeste h\u00f8yde og vises over 240 km h\u00f8y. Gr\u00f8nn i lavere h\u00f8yder p\u00e5 opptil 160 km h\u00f8y. Lilla lys p\u00e5 95 km og over, og bl\u00e5 lys p\u00e5 opptil 95 km.<\/p>\n<p>Lysene strekker seg vanligvis fra 80 km til s\u00e5 h\u00f8yt som 640 km over jordoverflaten.<\/p>\n<p><img decoding=\"async\" width=\"800\" height=\"534\" data-src=\"\/wp-content\/uploads\/2020\/09\/DSC_6788-2-\u2013-Kopi-\u2013-Kopi-1030x688.jpg\" alt=\"\" data-srcset=\"\/wp-content\/uploads\/2020\/09\/DSC_6788-2-\u2013-Kopi-\u2013-Kopi-1030x688.jpg 1030w, \/wp-content\/uploads\/2020\/09\/DSC_6788-2-\u2013-Kopi-\u2013-Kopi-300x200.jpg 300w, \/wp-content\/uploads\/2020\/09\/DSC_6788-2-\u2013-Kopi-\u2013-Kopi-768x513.jpg 768w, \/wp-content\/uploads\/2020\/09\/DSC_6788-2-\u2013-Kopi-\u2013-Kopi-1500x1001.jpg 1500w, \/wp-content\/uploads\/2020\/09\/DSC_6788-2-\u2013-Kopi-\u2013-Kopi-705x471.jpg 705w, \/wp-content\/uploads\/2020\/09\/DSC_6788-2-\u2013-Kopi-\u2013-Kopi-450x300.jpg 450w\" data-sizes=\"auto, (max-width: 800px) 100vw, 800px\" src=\"data:image\/svg+xml;base64,PHN2ZyB3aWR0aD0iMSIgaGVpZ2h0PSIxIiB4bWxucz0iaHR0cDovL3d3dy53My5vcmcvMjAwMC9zdmciPjwvc3ZnPg==\" class=\"lazyload\" style=\"--smush-placeholder-width: 800px; --smush-placeholder-aspect-ratio: 800\/534;\"><\/p>\n<p>Nordlys over Sarkofagen i Nybyen by Polina Bublik<\/p>\n<p><img decoding=\"async\" width=\"800\" height=\"533\" data-src=\"\/wp-content\/uploads\/2020\/09\/Bilde-4.-Nikon-D500-1030x686.jpg\" alt=\"Adventdalen by Eirik Lillehugo\" data-srcset=\"\/wp-content\/uploads\/2020\/09\/Bilde-4.-Nikon-D500-1030x686.jpg 1030w, \/wp-content\/uploads\/2020\/09\/Bilde-4.-Nikon-D500-300x200.jpg 300w, \/wp-content\/uploads\/2020\/09\/Bilde-4.-Nikon-D500-768x512.jpg 768w, \/wp-content\/uploads\/2020\/09\/Bilde-4.-Nikon-D500-1500x1000.jpg 1500w, \/wp-content\/uploads\/2020\/09\/Bilde-4.-Nikon-D500-705x470.jpg 705w, \/wp-content\/uploads\/2020\/09\/Bilde-4.-Nikon-D500-450x300.jpg 450w, \/wp-content\/uploads\/2020\/09\/Bilde-4.-Nikon-D500.jpg 2048w\" data-sizes=\"auto, (max-width: 800px) 100vw, 800px\" src=\"data:image\/svg+xml;base64,PHN2ZyB3aWR0aD0iMSIgaGVpZ2h0PSIxIiB4bWxucz0iaHR0cDovL3d3dy53My5vcmcvMjAwMC9zdmciPjwvc3ZnPg==\" class=\"lazyload\" style=\"--smush-placeholder-width: 800px; --smush-placeholder-aspect-ratio: 800\/533;\"><\/p>\n<p>Nordlys i Adventdalen by Eirik Lillehugo<\/p>\n<p><img decoding=\"async\" width=\"800\" height=\"534\" data-src=\"\/wp-content\/uploads\/2020\/09\/DSC_3758-002-1030x688.jpg\" alt=\"\" data-srcset=\"\/wp-content\/uploads\/2020\/09\/DSC_3758-002-1030x688.jpg 1030w, \/wp-content\/uploads\/2020\/09\/DSC_3758-002-300x200.jpg 300w, \/wp-content\/uploads\/2020\/09\/DSC_3758-002-768x513.jpg 768w, \/wp-content\/uploads\/2020\/09\/DSC_3758-002-1500x1001.jpg 1500w, \/wp-content\/uploads\/2020\/09\/DSC_3758-002-705x471.jpg 705w, \/wp-content\/uploads\/2020\/09\/DSC_3758-002-450x300.jpg 450w, \/wp-content\/uploads\/2020\/09\/DSC_3758-002.jpg 2048w\" data-sizes=\"auto, (max-width: 800px) 100vw, 800px\" src=\"data:image\/svg+xml;base64,PHN2ZyB3aWR0aD0iMSIgaGVpZ2h0PSIxIiB4bWxucz0iaHR0cDovL3d3dy53My5vcmcvMjAwMC9zdmciPjwvc3ZnPg==\" class=\"lazyload\" style=\"--smush-placeholder-width: 800px; --smush-placeholder-aspect-ratio: 800\/534;\"><\/p>\n<p>Nordlys over above Sarkofagen i Nybyen by Luca Coraci<\/p>\n<h2>Ditt nordlys-eventyr p\u00e5 Svalbard<\/h2>\n<p>Siden Svalbard er \u2018litt for nord\u2019 for nordlys, m\u00e5 vi vanligvis vende mot s\u00f8r for \u00e5 se dem. To av de beste punktene for \u00e5 se lysene i Longyearbyen er i Nybyen, der Gjestehuset 102 ligger, og i Adventdalen, en dal \u00f8st for Longyearbyen.<\/p>\n<p>Nybyen ligger ved foten av byen. I l\u00f8pet av polarnatten er omr\u00e5det m\u00f8rkest, vekk fra lysforurensning, noe som gj\u00f8r det ideelt for nordlysjakt og stjernekikk. Hvis det er en aurora-aktivitet, er sjansen stor for at du f\u00e5r se lysene selv fra rommet ditt n\u00e5r du bor p\u00e5 Gjestehuset 102. Eller bare g\u00e5 litt s\u00f8rover, p\u00e5 vei til fjellet Sarkofagen, s\u00e5 blir du bedre utsikt over dem. Ikke glem \u00e5 ha p\u00e5 deg refleksvestene n\u00e5r du skal ut!<\/p>\n<p>I den m\u00f8rke \u00e5rstiden tilbyr turoperat\u00f8rer ulike aktiviteter som ser etter nordlyset. Disse aktivitetene kan gj\u00f8res med buss, hundekj\u00f8ring, sn\u00f8katt, sn\u00f8scooter eller til fots.<\/p>\n<p>For \u00e5 f\u00e5 mest mulig ut av aktiviteten kan du sjekke prognosen for nordlyset fremover. Nordlyset, akkurat som ethvert naturfenomen, kan ikke innkalles. Det er gode dager, det er d\u00e5rlige dager. Alt avhenger av aktiviteten til solen og v\u00e6ret. Saken er at hvis natten er klar og stjerneklar, er sjansen for \u00e5 fange dem h\u00f8y. For \u00e5 sjekke prognosen kan du laste ned en app p\u00e5 telefonen din som heter Aurora Forecast. Det viser sannsynligheten for \u00e5 se lysene p\u00e5 en viss tid, og til og med de neste dagene for langtidsvarselet.<\/p>\n<p>Det er ogs\u00e5 et nettsted som gir deg sanntidsvisning av nattehimmelen i Longyearbyen. Sjekk&nbsp;<a href=\"http:\/\/kho.unis.no\/kho_sony.htm\"><strong>kho.unis.no\/kho_sony.htm<\/strong><\/a>. Nordlys kan fanges opp p\u00e5 kameraet, s\u00e5 hvis du ser gr\u00f8nne, lilla b\u00f8lger p\u00e5 nettsideskjermen, er det lysene! N\u00e5r du bor hos oss, p\u00e5 Gjestehuset 102, m\u00e5 du v\u00e6re rask og sjekke vinduet ditt for lys. Du kan ogs\u00e5 g\u00e5 utenfor for \u00e5 sjekke n\u00e6rmere. Resepsjonen elsker \u00e5 hjelpe og dele med deg hvis det er en aktivitet med lys der oppe.<\/p>\n<p><img decoding=\"async\" width=\"478\" height=\"478\" data-src=\"\/wp-content\/uploads\/2020\/09\/58936c9dc939a7daf163e80f82277343-1.jpg\" alt=\"Northern lights as seen on the observatory camera in Adventdalen, Longyearbyen, Svalbard\" data-srcset=\"\/wp-content\/uploads\/2020\/09\/58936c9dc939a7daf163e80f82277343-1.jpg 478w, \/wp-content\/uploads\/2020\/09\/58936c9dc939a7daf163e80f82277343-1-80x80.jpg 80w, \/wp-content\/uploads\/2020\/09\/58936c9dc939a7daf163e80f82277343-1-300x300.jpg 300w, \/wp-content\/uploads\/2020\/09\/58936c9dc939a7daf163e80f82277343-1-36x36.jpg 36w, \/wp-content\/uploads\/2020\/09\/58936c9dc939a7daf163e80f82277343-1-180x180.jpg 180w, \/wp-content\/uploads\/2020\/09\/58936c9dc939a7daf163e80f82277343-1-120x120.jpg 120w, \/wp-content\/uploads\/2020\/09\/58936c9dc939a7daf163e80f82277343-1-450x450.jpg 450w\" data-sizes=\"auto, (max-width: 478px) 100vw, 478px\" src=\"data:image\/svg+xml;base64,PHN2ZyB3aWR0aD0iMSIgaGVpZ2h0PSIxIiB4bWxucz0iaHR0cDovL3d3dy53My5vcmcvMjAwMC9zdmciPjwvc3ZnPg==\" class=\"lazyload\" style=\"--smush-placeholder-width: 478px; --smush-placeholder-aspect-ratio: 478\/478;\"><\/p>\n<h2>Ting \u00e5 huske n\u00e5r du jakter p\u00e5 lysene<\/h2>\n<p>I Longyearbyen kommer utmerket nordlysshow vanligvis sammen med frysende temperaturer. Om vinteren varierer gjennomsnittstemperaturen vanligvis fra -11 grader Celsius til -30 grader Celsius. Ikke glem \u00e5 kle deg varmt n\u00e5r du jakter p\u00e5 lysene! Bruk lag med varm ullundert\u00f8y under den varme, vindtette jakken og buksene. Beskytt resten av huden din ved \u00e5 bruke et godt par varme votter, buff og hatt. Husk alltid \u00e5 bruke varme truger ogs\u00e5, sammen med gode, varme ullsokker. Du kan ikke g\u00e5 rundt med ditt favoritt par joggesko om vinteren. Det vil ikke gj\u00f8re. Her er en guide om hvordan du skal kle deg p\u00e5 Svalbard om vinteren:<\/p>\n<p><iframe width=\"560\" height=\"315\" data-src=\"https:\/\/www.youtube.com\/embed\/u0fXBaL_Ilo\" title=\"YouTube video player\" frameborder=\"0\" allow=\"accelerometer; autoplay; clipboard-write; encrypted-media; gyroscope; picture-in-picture\" allowfullscreen=\"\" src=\"data:image\/svg+xml;base64,PHN2ZyB3aWR0aD0iMSIgaGVpZ2h0PSIxIiB4bWxucz0iaHR0cDovL3d3dy53My5vcmcvMjAwMC9zdmciPjwvc3ZnPg==\" class=\"lazyload\" data-load-mode=\"1\"><\/iframe><\/p>\n<p>For last-minute shopping kan du bes\u00f8ke&nbsp;<strong><a href=\"http:\/\/arctica.no\/\">Arctica<\/a><\/strong>, en av de ledende kles- og utstyrsbutikkene i Longyearbyen. Du finner alt du trenger for en utend\u00f8rs aktivitet i butikken. Fra kl\u00e6r, utstyr, campingutstyr, turutstyr og mer \u2013 alt fra kjente produsenter til \u00e5 levere produkter av h\u00f8y kvalitet. Butikken ligger inne i \u2018Lompensenteret\u2019, et kj\u00f8pesenter i hjertet av Longyearbyen. Hvis du bor hos oss p\u00e5 Gjestehuset 102, kan du be oss om en kupong med 5% avslag p\u00e5 alt fra Arctica.<\/p>\n<p>Og til slutt, bruk en refleksvest. I l\u00f8pet av den m\u00f8rke \u00e5rstiden oppfordres alle til \u00e5 bruke en slik vest n\u00e5r de g\u00e5r rundt i byen for sikkerhets skyld. Du er nesten like usynlig n\u00e5r du g\u00e5r uten vest p\u00e5 polarnatten, og s\u00e5 oppr\u00f8rer dette noen lokale\/sj\u00e5f\u00f8rer. Refleksvester kan kj\u00f8pes i resepsjonen for kun 75, \u2013 kr.<\/p>\n<p>Hvis du vil ha et minne om nordlysopplevelsen din ved \u00e5 ta bilder, ikke glem \u00e5 ta med et stativ! Du trenger stabilitet for at kameraet skal kunne fange lysene pent og skarpt, minst en for telefonen din. De fleste telefoner har n\u00e5 lange eksponeringsinnstillinger.<\/p>\n<p><img decoding=\"async\" width=\"512\" height=\"378\" data-src=\"\/wp-content\/uploads\/2020\/09\/unnamed.jpeg\" alt=\"unnamed\" data-srcset=\"\/wp-content\/uploads\/2020\/09\/unnamed.jpeg 512w, \/wp-content\/uploads\/2020\/09\/unnamed-300x221.jpeg 300w\" data-sizes=\"auto, (max-width: 512px) 100vw, 512px\" src=\"data:image\/svg+xml;base64,PHN2ZyB3aWR0aD0iMSIgaGVpZ2h0PSIxIiB4bWxucz0iaHR0cDovL3d3dy53My5vcmcvMjAwMC9zdmciPjwvc3ZnPg==\" class=\"lazyload\" style=\"--smush-placeholder-width: 512px; --smush-placeholder-aspect-ratio: 512\/378;\"><\/p>\n<h2>Arctica  befinnes seg i Lompensenteret, et kj\u00f8pesenter som ligger i hjertet av byen.<\/h2>\n<h2>Bo hos oss p\u00e5 Gjestehuset 102<\/h2>\n<h2>V\u00e5re favorittbilder av nordlyset i Longyearbyen<\/h2>\n<figure class=\"gallery-item\">\n\t\t\t\t<img decoding=\"async\" width=\"800\" height=\"533\" data-src=\"\/wp-content\/uploads\/2021\/06\/share-3C9FDC3C-8159-4D79-904F-D6A9C1D43EEF-1536x1024.jpeg\" alt=\"\" data-srcset=\"\/wp-content\/uploads\/2021\/06\/share-3C9FDC3C-8159-4D79-904F-D6A9C1D43EEF-1536x1024.jpeg 1536w, \/wp-content\/uploads\/2021\/06\/share-3C9FDC3C-8159-4D79-904F-D6A9C1D43EEF-300x200.jpeg 300w, \/wp-content\/uploads\/2021\/06\/share-3C9FDC3C-8159-4D79-904F-D6A9C1D43EEF-1030x687.jpeg 1030w, \/wp-content\/uploads\/2021\/06\/share-3C9FDC3C-8159-4D79-904F-D6A9C1D43EEF-768x512.jpeg 768w, \/wp-content\/uploads\/2021\/06\/share-3C9FDC3C-8159-4D79-904F-D6A9C1D43EEF-scaled.jpeg 2048w, \/wp-content\/uploads\/2021\/06\/share-3C9FDC3C-8159-4D79-904F-D6A9C1D43EEF-1500x1000.jpeg 1500w, \/wp-content\/uploads\/2021\/06\/share-3C9FDC3C-8159-4D79-904F-D6A9C1D43EEF-705x470.jpeg 705w, \/wp-content\/uploads\/2021\/06\/share-3C9FDC3C-8159-4D79-904F-D6A9C1D43EEF-450x300.jpeg 450w\" data-sizes=\"auto, (max-width: 800px) 100vw, 800px\" src=\"data:image\/svg+xml;base64,PHN2ZyB3aWR0aD0iMSIgaGVpZ2h0PSIxIiB4bWxucz0iaHR0cDovL3d3dy53My5vcmcvMjAwMC9zdmciPjwvc3ZnPg==\" class=\"lazyload\" style=\"--smush-placeholder-width: 800px; --smush-placeholder-aspect-ratio: 800\/533;\"><\/figure>\n<figure class=\"gallery-item\">\n\t\t\t\t<img decoding=\"async\" width=\"800\" height=\"534\" data-src=\"\/wp-content\/uploads\/2020\/09\/DSC_6788-2-\u2013-Kopi-\u2013-Kopi.jpg\" alt=\"\" aria-describedby=\"gallery-3-277381\" data-srcset=\"\/wp-content\/uploads\/2020\/09\/DSC_6788-2-\u2013-Kopi-\u2013-Kopi.jpg 2500w, \/wp-content\/uploads\/2020\/09\/DSC_6788-2-\u2013-Kopi-\u2013-Kopi-300x200.jpg 300w, \/wp-content\/uploads\/2020\/09\/DSC_6788-2-\u2013-Kopi-\u2013-Kopi-768x513.jpg 768w, \/wp-content\/uploads\/2020\/09\/DSC_6788-2-\u2013-Kopi-\u2013-Kopi-1030x688.jpg 1030w, \/wp-content\/uploads\/2020\/09\/DSC_6788-2-\u2013-Kopi-\u2013-Kopi-1500x1001.jpg 1500w, \/wp-content\/uploads\/2020\/09\/DSC_6788-2-\u2013-Kopi-\u2013-Kopi-705x471.jpg 705w, \/wp-content\/uploads\/2020\/09\/DSC_6788-2-\u2013-Kopi-\u2013-Kopi-450x300.jpg 450w\" data-sizes=\"auto, (max-width: 800px) 100vw, 800px\" src=\"data:image\/svg+xml;base64,PHN2ZyB3aWR0aD0iMSIgaGVpZ2h0PSIxIiB4bWxucz0iaHR0cDovL3d3dy53My5vcmcvMjAwMC9zdmciPjwvc3ZnPg==\" class=\"lazyload\" style=\"--smush-placeholder-width: 800px; --smush-placeholder-aspect-ratio: 800\/534;\"><figcaption class=\"wp-caption-text gallery-caption\" id=\"gallery-3-277381\">\n\t\t\t\tNorthern Lights in Nybyen by Polina Bublik<br \/>\n<\/figcaption><\/figure>\n<figure class=\"gallery-item\">\n\t\t\t\t<img decoding=\"async\" width=\"800\" height=\"534\" data-src=\"\/wp-content\/uploads\/2020\/09\/DSC_3758-002.jpg\" alt=\"\" aria-describedby=\"gallery-3-277373\" data-srcset=\"\/wp-content\/uploads\/2020\/09\/DSC_3758-002.jpg 2048w, \/wp-content\/uploads\/2020\/09\/DSC_3758-002-300x200.jpg 300w, \/wp-content\/uploads\/2020\/09\/DSC_3758-002-768x513.jpg 768w, \/wp-content\/uploads\/2020\/09\/DSC_3758-002-1030x688.jpg 1030w, \/wp-content\/uploads\/2020\/09\/DSC_3758-002-1500x1001.jpg 1500w, \/wp-content\/uploads\/2020\/09\/DSC_3758-002-705x471.jpg 705w, \/wp-content\/uploads\/2020\/09\/DSC_3758-002-450x300.jpg 450w\" data-sizes=\"auto, (max-width: 800px) 100vw, 800px\" src=\"data:image\/svg+xml;base64,PHN2ZyB3aWR0aD0iMSIgaGVpZ2h0PSIxIiB4bWxucz0iaHR0cDovL3d3dy53My5vcmcvMjAwMC9zdmciPjwvc3ZnPg==\" class=\"lazyload\" style=\"--smush-placeholder-width: 800px; --smush-placeholder-aspect-ratio: 800\/534;\"><figcaption class=\"wp-caption-text gallery-caption\" id=\"gallery-3-277373\">\n\t\t\t\tNorthern Lights by Luca<br \/>\n<\/figcaption><\/figure>\n<p>&nbsp; &nbsp; &nbsp; &nbsp; &nbsp; &nbsp; &nbsp; &nbsp; &nbsp; &nbsp; &nbsp; &nbsp; &nbsp; &nbsp; &nbsp; &nbsp; &nbsp; Foto: Angie Magnaong&nbsp; &nbsp; &nbsp; &nbsp; &nbsp; &nbsp; &nbsp; &nbsp; &nbsp; &nbsp; &nbsp; &nbsp; &nbsp; &nbsp; &nbsp; &nbsp; &nbsp; &nbsp; &nbsp; &nbsp; &nbsp; &nbsp; &nbsp; &nbsp; &nbsp; &nbsp; &nbsp; &nbsp; &nbsp; &nbsp; &nbsp; &nbsp; &nbsp; &nbsp; &nbsp; &nbsp; &nbsp; &nbsp; &nbsp; &nbsp; &nbsp; &nbsp; &nbsp; &nbsp; &nbsp; &nbsp; &nbsp; &nbsp; &nbsp; Foto: Polina Bublik&nbsp; &nbsp; &nbsp; &nbsp; &nbsp; &nbsp; &nbsp; &nbsp; &nbsp; &nbsp; &nbsp; &nbsp; &nbsp; &nbsp; &nbsp; &nbsp; &nbsp; &nbsp; &nbsp; &nbsp; &nbsp; &nbsp; &nbsp; &nbsp; &nbsp; &nbsp; &nbsp; &nbsp; &nbsp; &nbsp; &nbsp; &nbsp; &nbsp; &nbsp; &nbsp; &nbsp; &nbsp; &nbsp; &nbsp; &nbsp; &nbsp; &nbsp; &nbsp; &nbsp; &nbsp; &nbsp; &nbsp; &nbsp; &nbsp; Foto: Luca Coraci<\/p>\n<figure class=\"gallery-item\">\n\t\t\t\t<img decoding=\"async\" width=\"800\" height=\"533\" data-src=\"\/wp-content\/uploads\/2020\/09\/Bilde-3.-Nikon-D500-002-1.jpg\" alt=\"Nybyen by Eirik Lilehugo\" aria-describedby=\"gallery-4-277369\" data-srcset=\"\/wp-content\/uploads\/2020\/09\/Bilde-3.-Nikon-D500-002-1.jpg 2048w, \/wp-content\/uploads\/2020\/09\/Bilde-3.-Nikon-D500-002-1-300x200.jpg 300w, \/wp-content\/uploads\/2020\/09\/Bilde-3.-Nikon-D500-002-1-768x512.jpg 768w, \/wp-content\/uploads\/2020\/09\/Bilde-3.-Nikon-D500-002-1-1030x686.jpg 1030w, \/wp-content\/uploads\/2020\/09\/Bilde-3.-Nikon-D500-002-1-1500x1000.jpg 1500w, \/wp-content\/uploads\/2020\/09\/Bilde-3.-Nikon-D500-002-1-705x470.jpg 705w, \/wp-content\/uploads\/2020\/09\/Bilde-3.-Nikon-D500-002-1-450x300.jpg 450w\" data-sizes=\"auto, (max-width: 800px) 100vw, 800px\" src=\"data:image\/svg+xml;base64,PHN2ZyB3aWR0aD0iMSIgaGVpZ2h0PSIxIiB4bWxucz0iaHR0cDovL3d3dy53My5vcmcvMjAwMC9zdmciPjwvc3ZnPg==\" class=\"lazyload\" style=\"--smush-placeholder-width: 800px; --smush-placeholder-aspect-ratio: 800\/533;\"><figcaption class=\"wp-caption-text gallery-caption\" id=\"gallery-4-277369\">\n\t\t\t\tNorthern Lights above Longyearbyen by Eirik Lillehugo<br \/>\n<\/figcaption><\/figure>\n<figure class=\"gallery-item\">\n\t\t\t\t<img decoding=\"async\" width=\"800\" height=\"534\" data-src=\"\/wp-content\/uploads\/2019\/06\/DSC_4522.jpg\" alt=\"\" aria-describedby=\"gallery-4-264780\" data-srcset=\"\/wp-content\/uploads\/2019\/06\/DSC_4522.jpg 2500w, \/wp-content\/uploads\/2019\/06\/DSC_4522-300x200.jpg 300w, \/wp-content\/uploads\/2019\/06\/DSC_4522-768x512.jpg 768w, \/wp-content\/uploads\/2019\/06\/DSC_4522-1030x687.jpg 1030w, \/wp-content\/uploads\/2019\/06\/DSC_4522-1500x1001.jpg 1500w, \/wp-content\/uploads\/2019\/06\/DSC_4522-705x470.jpg 705w, \/wp-content\/uploads\/2019\/06\/DSC_4522-450x300.jpg 450w\" data-sizes=\"auto, (max-width: 800px) 100vw, 800px\" src=\"data:image\/svg+xml;base64,PHN2ZyB3aWR0aD0iMSIgaGVpZ2h0PSIxIiB4bWxucz0iaHR0cDovL3d3dy53My5vcmcvMjAwMC9zdmciPjwvc3ZnPg==\" class=\"lazyload\" style=\"--smush-placeholder-width: 800px; --smush-placeholder-aspect-ratio: 800\/534;\"><figcaption class=\"wp-caption-text gallery-caption\" id=\"gallery-4-264780\">\n\t\t\t\tNorthern Lights seen from a room window at Gjestehuset 102<br \/>\n<\/figcaption><\/figure>\n<figure class=\"gallery-item\">\n\t\t\t\t<img decoding=\"async\" width=\"800\" height=\"533\" data-src=\"\/wp-content\/uploads\/2021\/10\/M4102200.jpg\" alt=\"\" data-srcset=\"\/wp-content\/uploads\/2021\/10\/M4102200.jpg 1280w, \/wp-content\/uploads\/2021\/10\/M4102200-300x200.jpg 300w, \/wp-content\/uploads\/2021\/10\/M4102200-1030x686.jpg 1030w, \/wp-content\/uploads\/2021\/10\/M4102200-768x512.jpg 768w\" data-sizes=\"auto, (max-width: 800px) 100vw, 800px\" src=\"data:image\/svg+xml;base64,PHN2ZyB3aWR0aD0iMSIgaGVpZ2h0PSIxIiB4bWxucz0iaHR0cDovL3d3dy53My5vcmcvMjAwMC9zdmciPjwvc3ZnPg==\" class=\"lazyload\" style=\"--smush-placeholder-width: 800px; --smush-placeholder-aspect-ratio: 800\/533;\"><\/figure>\n<p>&nbsp; &nbsp; &nbsp; &nbsp; &nbsp; &nbsp; &nbsp; &nbsp; &nbsp; &nbsp; &nbsp; &nbsp; &nbsp; &nbsp; &nbsp; &nbsp; &nbsp; Foto: Eirik Lillehugo&nbsp; &nbsp; &nbsp; &nbsp; &nbsp; &nbsp; &nbsp; &nbsp; &nbsp; &nbsp; &nbsp; &nbsp; &nbsp; &nbsp; &nbsp; &nbsp; &nbsp; &nbsp; &nbsp; &nbsp; &nbsp; &nbsp; &nbsp; &nbsp; &nbsp; &nbsp; &nbsp; &nbsp; &nbsp; &nbsp; &nbsp; &nbsp; &nbsp; &nbsp; &nbsp; &nbsp; &nbsp; &nbsp; &nbsp; &nbsp; &nbsp; &nbsp; &nbsp; &nbsp; &nbsp; &nbsp; &nbsp; &nbsp; &nbsp; Foto: Polina Bublik&nbsp; &nbsp; &nbsp; &nbsp; &nbsp; &nbsp; &nbsp; &nbsp; &nbsp; &nbsp; &nbsp; &nbsp; &nbsp; &nbsp; &nbsp; &nbsp; &nbsp; &nbsp; &nbsp; &nbsp; &nbsp; &nbsp; &nbsp; &nbsp; &nbsp; &nbsp; &nbsp; &nbsp; &nbsp; &nbsp; &nbsp; &nbsp; &nbsp; &nbsp; &nbsp; &nbsp; &nbsp; &nbsp; &nbsp; &nbsp; &nbsp; &nbsp; &nbsp; &nbsp; &nbsp; &nbsp; &nbsp; &nbsp; &nbsp; Foto: Greendog Svalbard<\/p>\n<h2>Food for thought<\/h2>\n<p>Det er ingen garanti for \u00e5 se nordlyset p\u00e5 Svalbard i l\u00f8pet av bes\u00f8ksdagene, ettersom de ikke vises hver dag. Som nevnt avhenger det av solens aktivitet. V\u00e6ret kan ogs\u00e5 v\u00e6re en stor faktor. Selv om lysene er der oppe, ser vi dem kanskje ikke fordi de er blokkert av tykke, gretten skyer. Men hvis himmelen er klar, kan ventetiden v\u00e6re verdt \u00e5 ta for.<\/p>\n<h2>Published by:<\/h2>\n","protected":false},"excerpt":{"rendered":"<p>Angie p\u00e5 102 forteller mer om det fascinerende nordlyset p\u00e5 Svalbard!<\/p>\n","protected":false},"author":21,"featured_media":277379,"comment_status":"open","ping_status":"open","sticky":false,"template":"","format":"standard","meta":{"_kad_blocks_custom_css":"","_kad_blocks_head_custom_js":"","_kad_blocks_body_custom_js":"","_kad_blocks_footer_custom_js":"","_kad_post_transparent":"","_kad_post_title":"","_kad_post_layout":"","_kad_post_sidebar_id":"","_kad_post_content_style":"","_kad_post_vertical_padding":"","_kad_post_feature":"","_kad_post_feature_position":"","_kad_post_header":false,"_kad_post_footer":false,"_kad_post_classname":"","wds_primary_category":0,"footnotes":""},"categories":[1353,7],"tags":[],"class_list":["post-277409","post","type-post","status-publish","format-standard","has-post-thumbnail","hentry","category-blogg","category-uncategorized-nb"],"taxonomy_info":{"category":[{"value":1353,"label":"Blogg"},{"value":7,"label":"Uncategorized @nb"}]},"featured_image_src_large":["http:\/\/gjestehuset102.no\/wp-content\/uploads\/2020\/09\/photo19-1030x688.jpg",1030,688,true],"author_info":{"display_name":"gjestehuset","author_link":"http:\/\/gjestehuset102.no\/nb\/author\/gjestehuset\/"},"comment_info":0,"category_info":[{"term_id":1353,"name":"Blogg","slug":"blogg","term_group":0,"term_taxonomy_id":1353,"taxonomy":"category","description":"","parent":0,"count":4,"filter":"raw","cat_ID":1353,"category_count":4,"category_description":"","cat_name":"Blogg","category_nicename":"blogg","category_parent":0},{"term_id":7,"name":"Uncategorized @nb","slug":"uncategorized-nb","term_group":0,"term_taxonomy_id":7,"taxonomy":"category","description":"","parent":0,"count":6,"filter":"raw","cat_ID":7,"category_count":6,"category_description":"","cat_name":"Uncategorized @nb","category_nicename":"uncategorized-nb","category_parent":0}],"tag_info":false,"_links":{"self":[{"href":"http:\/\/gjestehuset102.no\/nb\/wp-json\/wp\/v2\/posts\/277409","targetHints":{"allow":["GET"]}}],"collection":[{"href":"http:\/\/gjestehuset102.no\/nb\/wp-json\/wp\/v2\/posts"}],"about":[{"href":"http:\/\/gjestehuset102.no\/nb\/wp-json\/wp\/v2\/types\/post"}],"author":[{"embeddable":true,"href":"http:\/\/gjestehuset102.no\/nb\/wp-json\/wp\/v2\/users\/21"}],"replies":[{"embeddable":true,"href":"http:\/\/gjestehuset102.no\/nb\/wp-json\/wp\/v2\/comments?post=277409"}],"version-history":[{"count":0,"href":"http:\/\/gjestehuset102.no\/nb\/wp-json\/wp\/v2\/posts\/277409\/revisions"}],"wp:featuredmedia":[{"embeddable":true,"href":"http:\/\/gjestehuset102.no\/nb\/wp-json\/wp\/v2\/media\/277379"}],"wp:attachment":[{"href":"http:\/\/gjestehuset102.no\/nb\/wp-json\/wp\/v2\/media?parent=277409"}],"wp:term":[{"taxonomy":"category","embeddable":true,"href":"http:\/\/gjestehuset102.no\/nb\/wp-json\/wp\/v2\/categories?post=277409"},{"taxonomy":"post_tag","embeddable":true,"href":"http:\/\/gjestehuset102.no\/nb\/wp-json\/wp\/v2\/tags?post=277409"}],"curies":[{"name":"wp","href":"https:\/\/api.w.org\/{rel}","templated":true}]}}